{"@context":"https:\/\/schema.org\/","@type":"CollectionPage","@id":"https:\/\/www.pictureup.cz\/dovolena\/#CollectionPage","headline":"Dovolen\u00e1 Category","description":"","url":"https:\/\/www.pictureup.cz\/dovolena\/","hasPart":[{"@type":"Article","@id":"https:\/\/www.pictureup.cz\/dovolena-u-more\/","headline":"Dovolen\u00e1 u mo\u0159e","url":"https:\/\/www.pictureup.cz\/dovolena-u-more\/","datePublished":"2023-06-27","dateModified":"2024-02-27","mainEntityOfPage":"https:\/\/www.pictureup.cz\/dovolena-u-more\/","author":{"@type":"Person","@id":"https:\/\/www.pictureup.cz\/author\/devene\/#Person","name":"devene","url":"https:\/\/www.pictureup.cz\/author\/devene\/","identifier":1,"image":{"@type":"ImageObject","@id":"https:\/\/secure.gravatar.com\/avatar\/b682f75cb96d085fca5fbc8ca3f08e323444e236f6e6028585b73de81c46f711?s=96&d=mm&r=g","url":"https:\/\/secure.gravatar.com\/avatar\/b682f75cb96d085fca5fbc8ca3f08e323444e236f6e6028585b73de81c46f711?s=96&d=mm&r=g","height":96,"width":96}},"publisher":{"@type":"Organization","name":"pictureup.cz","logo":{"@type":"ImageObject","@id":"\/logo.png","url":"\/logo.png","width":600,"height":60}},"image":{"@type":"ImageObject","@id":"https:\/\/www.pictureup.cz\/wp-content\/uploads\/beach-4957461_640.jpg","url":"https:\/\/www.pictureup.cz\/wp-content\/uploads\/beach-4957461_640.jpg","height":0,"width":0},"keywords":null},{"@type":"Article","@id":"https:\/\/www.pictureup.cz\/gymnazistka-na-koleckovych-bruslich-v-mestskem-parku-opava\/","headline":"Gymnazistka na kole\u010dkov\u00fdch brusl\u00edch v m\u011bstsk\u00e9m parku &#8211; Opava","url":"https:\/\/www.pictureup.cz\/gymnazistka-na-koleckovych-bruslich-v-mestskem-parku-opava\/","datePublished":"2023-06-07","dateModified":"2023-06-09","mainEntityOfPage":"https:\/\/www.pictureup.cz\/gymnazistka-na-koleckovych-bruslich-v-mestskem-parku-opava\/","author":{"@type":"Person","@id":"https:\/\/www.pictureup.cz\/author\/devene\/#Person","name":"devene","url":"https:\/\/www.pictureup.cz\/author\/devene\/","identifier":1,"image":{"@type":"ImageObject","@id":"https:\/\/secure.gravatar.com\/avatar\/b682f75cb96d085fca5fbc8ca3f08e323444e236f6e6028585b73de81c46f711?s=96&d=mm&r=g","url":"https:\/\/secure.gravatar.com\/avatar\/b682f75cb96d085fca5fbc8ca3f08e323444e236f6e6028585b73de81c46f711?s=96&d=mm&r=g","height":96,"width":96}},"publisher":{"@type":"Organization","name":"pictureup.cz","logo":{"@type":"ImageObject","@id":"\/logo.png","url":"\/logo.png","width":600,"height":60}},"image":{"@type":"ImageObject","@id":"https:\/\/www.pictureup.cz\/wp-content\/uploads\/poloha_W0AvmK.jpg","url":"https:\/\/www.pictureup.cz\/wp-content\/uploads\/poloha_W0AvmK.jpg","height":0,"width":0},"keywords":null},{"@type":"Article","@id":"https:\/\/www.pictureup.cz\/tallin\/","headline":"Tallin","url":"https:\/\/www.pictureup.cz\/tallin\/","datePublished":"2022-12-05","dateModified":"2023-06-09","mainEntityOfPage":"https:\/\/www.pictureup.cz\/tallin\/","author":{"@type":"Person","@id":"https:\/\/www.pictureup.cz\/author\/devene\/#Person","name":"devene","url":"https:\/\/www.pictureup.cz\/author\/devene\/","identifier":1,"image":{"@type":"ImageObject","@id":"https:\/\/secure.gravatar.com\/avatar\/b682f75cb96d085fca5fbc8ca3f08e323444e236f6e6028585b73de81c46f711?s=96&d=mm&r=g","url":"https:\/\/secure.gravatar.com\/avatar\/b682f75cb96d085fca5fbc8ca3f08e323444e236f6e6028585b73de81c46f711?s=96&d=mm&r=g","height":96,"width":96}},"publisher":{"@type":"Organization","name":"pictureup.cz","logo":{"@type":"ImageObject","@id":"\/logo.png","url":"\/logo.png","width":600,"height":60}},"image":{"@type":"ImageObject","@id":"https:\/\/www.pictureup.cz\/wp-content\/uploads\/m%C4%9Bsto_3.jpg","url":"https:\/\/www.pictureup.cz\/wp-content\/uploads\/m%C4%9Bsto_3.jpg","height":0,"width":0},"keywords":null}]}