{"@context":"https:\/\/schema.org\/","@type":"CollectionPage","@id":"https:\/\/www.pictureup.cz\/internet\/#CollectionPage","headline":"Internet Category","description":"","url":"https:\/\/www.pictureup.cz\/internet\/","hasPart":[{"@type":"Article","@id":"https:\/\/www.pictureup.cz\/seznamte-se-blize-s-gibraltarskym-prulivem\/","headline":"Seznamte se bl\u00ed\u017ee s Gibraltarsk\u00fdm pr\u016flivem","url":"https:\/\/www.pictureup.cz\/seznamte-se-blize-s-gibraltarskym-prulivem\/","datePublished":"2023-07-11","dateModified":"2023-07-11","mainEntityOfPage":"https:\/\/www.pictureup.cz\/seznamte-se-blize-s-gibraltarskym-prulivem\/","author":{"@type":"Person","@id":"https:\/\/www.pictureup.cz\/author\/devene\/#Person","name":"devene","url":"https:\/\/www.pictureup.cz\/author\/devene\/","identifier":1,"image":{"@type":"ImageObject","@id":"https:\/\/secure.gravatar.com\/avatar\/b682f75cb96d085fca5fbc8ca3f08e323444e236f6e6028585b73de81c46f711?s=96&d=mm&r=g","url":"https:\/\/secure.gravatar.com\/avatar\/b682f75cb96d085fca5fbc8ca3f08e323444e236f6e6028585b73de81c46f711?s=96&d=mm&r=g","height":96,"width":96}},"publisher":{"@type":"Organization","name":"pictureup.cz","logo":{"@type":"ImageObject","@id":"\/logo.png","url":"\/logo.png","width":600,"height":60}},"image":{"@type":"ImageObject","@id":"https:\/\/www.pictureup.cz\/wp-content\/uploads\/gibraltar-gc22450a2d_640.jpg","url":"https:\/\/www.pictureup.cz\/wp-content\/uploads\/gibraltar-gc22450a2d_640.jpg","height":0,"width":0},"keywords":null},{"@type":"Article","@id":"https:\/\/www.pictureup.cz\/nejvyssi-hory-evropy-nemusite-znat-nazpamet\/","headline":"Nejvy\u0161\u0161\u00ed hory Evropy nemus\u00edte zn\u00e1t nazpam\u011b\u0165","url":"https:\/\/www.pictureup.cz\/nejvyssi-hory-evropy-nemusite-znat-nazpamet\/","datePublished":"2023-06-08","dateModified":"2023-06-09","mainEntityOfPage":"https:\/\/www.pictureup.cz\/nejvyssi-hory-evropy-nemusite-znat-nazpamet\/","author":{"@type":"Person","@id":"https:\/\/www.pictureup.cz\/author\/devene\/#Person","name":"devene","url":"https:\/\/www.pictureup.cz\/author\/devene\/","identifier":1,"image":{"@type":"ImageObject","@id":"https:\/\/secure.gravatar.com\/avatar\/b682f75cb96d085fca5fbc8ca3f08e323444e236f6e6028585b73de81c46f711?s=96&d=mm&r=g","url":"https:\/\/secure.gravatar.com\/avatar\/b682f75cb96d085fca5fbc8ca3f08e323444e236f6e6028585b73de81c46f711?s=96&d=mm&r=g","height":96,"width":96}},"publisher":{"@type":"Organization","name":"pictureup.cz","logo":{"@type":"ImageObject","@id":"\/logo.png","url":"\/logo.png","width":600,"height":60}},"image":{"@type":"ImageObject","@id":"https:\/\/www.pictureup.cz\/wp-content\/uploads\/aleksei-tertychnyi-b-3ci3SCB_M-unsplash.jpg","url":"https:\/\/www.pictureup.cz\/wp-content\/uploads\/aleksei-tertychnyi-b-3ci3SCB_M-unsplash.jpg","height":0,"width":0},"keywords":null},{"@type":"Article","@id":"https:\/\/www.pictureup.cz\/cestujete-radi\/","headline":"Cestujete r\u00e1di?","url":"https:\/\/www.pictureup.cz\/cestujete-radi\/","datePublished":"2023-05-10","dateModified":"2023-06-09","mainEntityOfPage":"https:\/\/www.pictureup.cz\/cestujete-radi\/","author":{"@type":"Person","@id":"https:\/\/www.pictureup.cz\/author\/devene\/#Person","name":"devene","url":"https:\/\/www.pictureup.cz\/author\/devene\/","identifier":1,"image":{"@type":"ImageObject","@id":"https:\/\/secure.gravatar.com\/avatar\/b682f75cb96d085fca5fbc8ca3f08e323444e236f6e6028585b73de81c46f711?s=96&d=mm&r=g","url":"https:\/\/secure.gravatar.com\/avatar\/b682f75cb96d085fca5fbc8ca3f08e323444e236f6e6028585b73de81c46f711?s=96&d=mm&r=g","height":96,"width":96}},"publisher":{"@type":"Organization","name":"pictureup.cz","logo":{"@type":"ImageObject","@id":"\/logo.png","url":"\/logo.png","width":600,"height":60}},"image":{"@type":"ImageObject","@id":"https:\/\/www.pictureup.cz\/wp-content\/uploads\/beautiful-nature-g04daa6cdc_640.jpg","url":"https:\/\/www.pictureup.cz\/wp-content\/uploads\/beautiful-nature-g04daa6cdc_640.jpg","height":0,"width":0},"keywords":null}]}