[{"@context":"https:\/\/schema.org\/","@type":"Article","@id":"https:\/\/www.pictureup.cz\/kdyz-si-myslite-ze-nic-nepomuze\/#Article","mainEntityOfPage":"https:\/\/www.pictureup.cz\/kdyz-si-myslite-ze-nic-nepomuze\/","headline":"Kdy\u017e si mysl\u00edte, \u017ee nic nepom\u016f\u017ee","name":"Kdy\u017e si mysl\u00edte, \u017ee nic nepom\u016f\u017ee","description":"M\u00e1te mastnou ple\u0165 se sklony ke z\u010derven\u00e1n\u00ed p\u0159i podr\u00e1\u017ed\u011bn\u00ed? Nav\u00edc Va\u0161i tv\u00e1\u0159 br\u00e1zd\u00ed \u0159ada drobn\u00fdch i v\u011bt\u0161\u00edch jizvi\u010dek po akn\u00e9, s n\u00edm\u017e do dne\u0161n\u00edch dn\u016f &hellip; ","datePublished":"2023-06-20","dateModified":"2024-06-24","author":{"@type":"Person","@id":"https:\/\/www.pictureup.cz\/author\/devene\/#Person","name":"devene","url":"https:\/\/www.pictureup.cz\/author\/devene\/","identifier":1,"image":{"@type":"ImageObject","@id":"https:\/\/secure.gravatar.com\/avatar\/b682f75cb96d085fca5fbc8ca3f08e323444e236f6e6028585b73de81c46f711?s=96&d=mm&r=g","url":"https:\/\/secure.gravatar.com\/avatar\/b682f75cb96d085fca5fbc8ca3f08e323444e236f6e6028585b73de81c46f711?s=96&d=mm&r=g","height":96,"width":96}},"publisher":{"@type":"Organization","name":"pictureup.cz","logo":{"@type":"ImageObject","@id":"\/logo.png","url":"\/logo.png","width":600,"height":60}},"url":"https:\/\/www.pictureup.cz\/kdyz-si-myslite-ze-nic-nepomuze\/","wordCount":243,"articleBody":"M\u00e1te mastnou ple\u0165 se sklony ke z\u010derven\u00e1n\u00ed p\u0159i podr\u00e1\u017ed\u011bn\u00ed? Nav\u00edc Va\u0161i tv\u00e1\u0159 br\u00e1zd\u00ed \u0159ada drobn\u00fdch i v\u011bt\u0161\u00edch jizvi\u010dek po akn\u00e9, s n\u00edm\u017e do dne\u0161n\u00edch dn\u016f st\u00e1le bojujete, a\u010dkoliv V\u00e1m ji\u017e d\u00e1vno nen\u00ed 17? Mysl\u00edte si, \u017ee nikdy nepozn\u00e1te, jak\u00e9 to je, kdy\u017e m\u00e1te n\u00e1dhernou hebkou a vyhlazenou ple\u0165? Mysl\u00edte, \u017ee to je jen v\u00fdsadou vyvolen\u00fdch, kte\u0159\u00ed se tak ji\u017e narodili? Ale kdepak. Ti, kdo maj\u00ed n\u00e1dhernou ple\u0165 pravd\u011bpodobn\u011b v\u011bd\u00ed, jak o ni dob\u0159e a kvalitn\u011b pe\u010dovat, v\u011bd\u00ed, kter\u00e9 p\u0159\u00edpravky jsou v\u00e1\u017en\u011b \u00fa\u010dinn\u00e9.Volte kvalitu od profesion\u00e1l\u016fV prvn\u00ed \u0159ad\u011b by m\u00edsto na Va\u0161\u00ed poli\u010dce m\u011bla zaujmout profesion\u00e1ln\u00ed kosmetika, zaho\u010fte p\u0159\u00edpravky pro zmatn\u011bn\u00ed pleti, kter\u00e9 ve Va\u0161\u00ed koupeln\u011b ji\u017e l\u00e9ta ne\u00fa\u010dinn\u011b post\u00e1vaj\u00ed. Rad\u011bji se pora\u010fte s t\u011bmi, kdo maj\u00ed v tomto oboru odborn\u00e9 vzd\u011bl\u00e1n\u00ed, nechte se o\u0161et\u0159it od t\u011bch, kdo dovedou fundovan\u011b vybrat vhodn\u00e9 p\u0159\u00edpravky. Mo\u017en\u00e1 po p\u00e1r n\u00e1v\u0161t\u011bv\u00e1ch Va\u0161eho salonu, kde pracuj\u00ed se zna\u010dkou Christina, zjist\u00edte, \u017ee Va\u0161e ple\u0165 nen\u00ed tak problematick\u00e1, jak jste dosud mysleli. Zjist\u00edte, \u017ee i Va\u0161e ple\u0165 m\u016f\u017ee b\u00fdt kr\u00e1sn\u00e1, budete si ten pocit n\u00e1ramn\u011b u\u017e\u00edvat.                                                                                                                                                                                                                                                                                                                                                                                        3.9\/5 - (9 votes)        "},{"@context":"https:\/\/schema.org\/","@type":"BreadcrumbList","itemListElement":[{"@type":"ListItem","position":1,"name":"Kdy\u017e si mysl\u00edte, \u017ee nic nepom\u016f\u017ee","item":"https:\/\/www.pictureup.cz\/kdyz-si-myslite-ze-nic-nepomuze\/#breadcrumbitem"}]}]