[{"@context":"https:\/\/schema.org\/","@type":"Article","@id":"https:\/\/www.pictureup.cz\/profesionalni-sidlo\/#Article","mainEntityOfPage":"https:\/\/www.pictureup.cz\/profesionalni-sidlo\/","headline":"Profesion\u00e1ln\u00ed s\u00eddlo","name":"Profesion\u00e1ln\u00ed s\u00eddlo","description":"V dne\u0161n\u00ed dob\u011b je opravdu skv\u011bl\u00e9, \u017ee si \u010dlov\u011bk m\u016f\u017ee vybrat. \u010clov\u011bk si vlastn\u011b u\u017e v posledn\u00ed dob\u011b m\u016f\u017ee vyb\u00edrat tolik mo\u017enost\u00ed, kter\u00e9 pot\u0159ebuje a &hellip; ","datePublished":"2024-03-19","dateModified":"2024-04-19","author":{"@type":"Person","@id":"https:\/\/www.pictureup.cz\/author\/devene\/#Person","name":"devene","url":"https:\/\/www.pictureup.cz\/author\/devene\/","identifier":1,"image":{"@type":"ImageObject","@id":"https:\/\/secure.gravatar.com\/avatar\/b682f75cb96d085fca5fbc8ca3f08e323444e236f6e6028585b73de81c46f711?s=96&d=mm&r=g","url":"https:\/\/secure.gravatar.com\/avatar\/b682f75cb96d085fca5fbc8ca3f08e323444e236f6e6028585b73de81c46f711?s=96&d=mm&r=g","height":96,"width":96}},"publisher":{"@type":"Organization","name":"pictureup.cz","logo":{"@type":"ImageObject","@id":"\/logo.png","url":"\/logo.png","width":600,"height":60}},"image":{"@type":"ImageObject","@id":"https:\/\/www.pictureup.cz\/wp-content\/uploads\/woman-5678995_960_720_6.jpg","url":"https:\/\/www.pictureup.cz\/wp-content\/uploads\/woman-5678995_960_720_6.jpg","height":0,"width":0},"url":"https:\/\/www.pictureup.cz\/profesionalni-sidlo\/","about":["Business"],"wordCount":423,"articleBody":"   V dne\u0161n\u00ed dob\u011b je opravdu skv\u011bl\u00e9, \u017ee si \u010dlov\u011bk m\u016f\u017ee vybrat. \u010clov\u011bk si vlastn\u011b u\u017e v posledn\u00ed dob\u011b m\u016f\u017ee vyb\u00edrat tolik mo\u017enost\u00ed, kter\u00e9 pot\u0159ebuje a kter\u00e9 mu hlavn\u011b budou vyhovovat. V\u0161ichni v\u00edme a je to i psychologicky dok\u00e1z\u00e1no, \u017ee kdy\u017e \u010dlov\u011bk bude pracovat v takov\u00e9m zam\u011bstn\u00e1n\u00ed, kde ho to bav\u00ed a kde se c\u00edt\u00ed p\u0159\u00edjemn\u011b, tak tak\u00e9 se bude do pr\u00e1ce t\u011b\u0161it. Kdybych j\u00e1 m\u011bla pracovat v zam\u011bstn\u00e1n\u00ed, kde m\u011b to nebav\u00ed anebo kde m\u011b to v\u016fbec net\u011b\u0161\u00ed, tak bych tam rozhodn\u011b necht\u011bla chodit. Proto je prima, \u017ee \u010dlov\u011bk si m\u016f\u017ee vybrat, jestli chce t\u0159eba m\u00edt s\u00eddlo firmy virtu\u00e1ln\u00ed anebo klasick\u00e9 s\u00eddlo firmy. Pokud nebudete v\u011bd\u011bt, jak\u00e9 s\u00eddlo firmy si vybrat, tak se zkuste prvn\u011b pod\u00edvat na webov\u00e9 str\u00e1nky profisidla.cz, tam najdete slu\u017eby t\u00e9to firmy. Poskytuje s\u00eddla firmy, a to jak virtu\u00e1ln\u00ed s\u00eddla firmy, tak i klasick\u00e1 s\u00eddla firmy, ale hlavn\u011b virtu\u00e1ln\u00ed s\u00eddlo firmy anebo tak\u00e9 s\u00eddlo spole\u010dnosti. Z\u00e1le\u017e\u00ed na v\u00e1s, co pro v\u00e1s bude nejv\u00edce vhodn\u00e9. Pokud si vyberete si do firmy t\u0159eba v Praze nebo v Brn\u011b anebo kdekoliv jinde, tak tak\u00e9 m\u016f\u017eete po\u010d\u00edtat s t\u00edm, \u017ee v\u00e1m firma bude p\u0159epos\u00edlat v\u0161echnu doru\u010denou po\u0161tu emailem. Tak\u00e9 v\u00e1m ji v\u017edycky uschov\u00e1. A pokud by v\u00e1s t\u0159eba zaj\u00edmaly recenze na s\u00eddla firmy, tak se nemus\u00edte b\u00e1t. V\u0161ude jsou opravdu na \u0161pi\u010dkov\u00e9 \u00farovni. V\u0161ude jsou kladn\u00e9 recenze a j\u00e1 jsem si \u0159ekla, \u017ee a\u017e budu n\u011bkdy hledat n\u011bjakou kancel\u00e1\u0159 anebo s\u00eddlo firmy anebo jenom virtu\u00e1ln\u00ed s\u00eddlo firmy, tak se rozhodn\u011b obr\u00e1t\u00edm na tyto webov\u00e9 str\u00e1nky, kter\u00e9 jsem v\u00e1m u\u017e tady napsala. A moje kamar\u00e1dka pr\u00e1v\u011b u\u017e m\u00e1 tak\u00e9 rozjednan\u00e9 n\u011bjak\u00e9 obchody pr\u00e1v\u011b s firmou, proto\u017ee pot\u0159ebuje kvalitn\u00ed s\u00eddlo firmy. Pot\u0159ebuje ho m\u00edt v Brn\u011b a v Praze, tak jsem zv\u011bdav\u00e1, jak to kamar\u00e1dka vy\u0159e\u0161\u00ed. Rozhodn\u011b ji budu dr\u017eet palce, proto\u017ee je to moje nejlep\u0161\u00ed kamar\u00e1dka a p\u0159em\u00fd\u0161l\u00edm, \u017ee bych \u0161la pracovat tak\u00e9 k n\u00ed. Tak\u00e9 zn\u00e1te v okol\u00ed n\u011bkoho, kdo u\u017e vlastn\u00ed n\u011bjak\u00e9 virtu\u00e1ln\u00ed s\u00eddlo firmy?                                                                                                                                                                                                                                                                                                                                                                                          4.6\/5 - (11 votes)        "},{"@context":"https:\/\/schema.org\/","@type":"BreadcrumbList","itemListElement":[{"@type":"ListItem","position":1,"name":"Profesion\u00e1ln\u00ed s\u00eddlo","item":"https:\/\/www.pictureup.cz\/profesionalni-sidlo\/#breadcrumbitem"}]}]